{"id":1426,"date":"2016-08-20T10:48:00","date_gmt":"2016-08-20T10:48:00","guid":{"rendered":"http:\/\/steffenh3.sg-host.com\/?p=1426"},"modified":"2021-11-24T12:00:14","modified_gmt":"2021-11-24T12:00:14","slug":"seminario-bibliografico-mim-2016","status":"publish","type":"post","link":"https:\/\/scian.cl\/scientific-image-analysis\/seminario-bibliografico-mim-2016\/","title":{"rendered":"Seminario Bibliogr\u00e1fico MIM 2016"},"content":{"rendered":"\n<p>El Seminario Bibliogr\u00e1fico MIM 2016, curso avanzado de postgrado, es obligatorio para todos alumnos del Magister en Inform\u00e1tica M\u00e9dica. El seminario est\u00e1 destinado al an\u00e1lisis cr\u00edtico de art\u00edculos recientes de alto impacto en el \u00e1mbito de la Inform\u00e1tica M\u00e9dica y Inform\u00e1tica Biom\u00e9dica.<\/p>\n\n\n<ul class=\"wp-block-list\"><li> Los estudiantes reciben proposiciones de temas de investigaci\u00f3n o pueden sugerir tem\u00e1ticas de su inter\u00e9s.<\/li><li> Los estudiantes tienen que realizar una b\u00fasqueda de literatura e informaci\u00f3n exhaustiva.<\/li><li> Los estudiantes tienen que elegir 5-10 fuentes de informaci\u00f3n y justificar sus criterios de b\u00fasqueda, adem\u00e1s las razones de haber elegidos sus fuentes de informaci\u00f3n.<\/li><li>Los estudiantes tienen que preparar una presentaci\u00f3n de 20min y estar preparado de discutir preguntas en respecto al tema presentado en forma espec\u00edfico.<\/li><li>Finalmente, los estudiantes tienen que entregar una p\u00e1gina escrita de una proposici\u00f3n de un trabajo de tesis o Actividad Formativa Equivalente (AFE) que contiene titulo, problema, soluci\u00f3n, una hip\u00f3tesis, objetivos, dise\u00f1os experimentales, m\u00e9todos utilizados, resultados esperados y discutir posibles problemas.<\/li><\/ul>\n\n<style>.wp-block-kadence-spacer.kt-block-spacer-_01cb9d-de .kt-block-spacer{height:30px;}.wp-block-kadence-spacer.kt-block-spacer-_01cb9d-de .kt-divider{border-top-width:1px;height:1px;border-top-color:#eee;width:100%;border-top-style:solid;}<\/style>\n<div class=\"wp-block-kadence-spacer aligncenter kt-block-spacer-_01cb9d-de\"><div class=\"kt-block-spacer kt-block-spacer-halign-center\" style=\"height:30px\"><hr class=\"kt-divider\" style=\"border-top-color:#eee;border-top-width:1px;width:100%;border-top-style:solid\"\/><\/div><\/div>\n\n\n<p><strong>Primera Sessi\u00f3n: S\u00e1bado 20.08.2016 a las 9.00 h en SCIAN-Lab:<\/strong><br \/>Freddy Ag\u00fcero \/ SH \/ MM<br \/>Levantamiento de Requerimientos en el Sistema de salud p\u00fablico: Bien Publico, freddyaguero@gmail.com<\/p>\n\n\n<p>Natalia Gilbert Hern\u00e1ndez \/ AS, MC<br \/>Evaluaciones de Trastornos Neuropsiquiatricos usando juegos, gilbert.natalia@gmail.com<\/p>\n\n\n<p>Nicol\u00e1s Santis \/ JV, MC, SH<br \/>Procesamiento de Lenguaje Natural, santis_@msn.com<\/p>\n\n\n<p>Daniel del \u00c1guila \/ MM<br \/>Sistemas de Apoyo a la toma de decisiones, daniel.del.aguila@upch.edu.pe<\/p>\n\n\n<p>Marcela Aguirre Jerez \/ RA<br \/>GIS para an\u00e1lisis estad\u00edstico in vivo de enfermedades, marcela.aguirrejerez@gmail.com<\/p>\n\n\n<p>Berenice Rafael Ram\u00edrez \/ MC<br \/>Evaluaci\u00f3n y Dise\u00f1o de Interfaces, berenice.rafael@ug.uchile.cl<\/p>\n\n\n<p>Mario Cuevas Rozas \/ RM<br \/>Aspectos legales de uso de datos inform\u00e1ticos Aplicaci\u00f3n de simulaci\u00f3n en la ense\u00f1anza de validaci\u00f3n en ensayos de laboratorio, maritocu@gmail.com<\/p>\n\n\n<p>Juan P. Guerrero Bonnet \/ SdF<br \/>Comit\u00e9s oncol\u00f3gicos virtuales, jpgbonnet @gmail.com<\/p>\n\n\n<p>Samuel Contreras Vald\u00e9s \/ RM<br \/>Modelos predictivos de atenci\u00f3n de urgencia, scvaldes22@gmail.com<\/p>\n\n\n<p>\u00c1lvaro Riquelme Godoy \/ SH<br \/>\u00cdndice Maestro de prestadores, alvaroriquelme@live.cl<br \/><strong>Presentaci\u00f3n de Temas: S\u00e1bado 17.12.2016 a las 9.00h en SCIAB_Lab<\/strong><\/p>\n","protected":false},"excerpt":{"rendered":"<p>El Seminario Bibliogr\u00e1fico MIM 2016, curso avanzado de postgrado, es obligatorio para todos alumnos del Magister en Inform\u00e1tica M\u00e9dica. El seminario est\u00e1 destinado al an\u00e1lisis cr\u00edtico de art\u00edculos recientes de alto impacto en el \u00e1mbito&#8230;<\/p>\n","protected":false},"author":2,"featured_media":0,"comment_status":"closed","ping_status":"open","sticky":false,"template":"","format":"standard","meta":{"_kadence_starter_templates_imported_post":false,"_kad_post_transparent":"","_kad_post_title":"","_kad_post_layout":"","_kad_post_sidebar_id":"","_kad_post_content_style":"","_kad_post_vertical_padding":"","_kad_post_feature":"","_kad_post_feature_position":"","_kad_post_header":false,"_kad_post_footer":false,"_kad_post_classname":"","footnotes":""},"categories":[2,4,40],"tags":[],"class_list":["post-1426","post","type-post","status-publish","format-standard","hentry","category-courses","category-courses-1-2018","category-national-courses-2016"],"_links":{"self":[{"href":"https:\/\/scian.cl\/scientific-image-analysis\/wp-json\/wp\/v2\/posts\/1426","targetHints":{"allow":["GET"]}}],"collection":[{"href":"https:\/\/scian.cl\/scientific-image-analysis\/wp-json\/wp\/v2\/posts"}],"about":[{"href":"https:\/\/scian.cl\/scientific-image-analysis\/wp-json\/wp\/v2\/types\/post"}],"author":[{"embeddable":true,"href":"https:\/\/scian.cl\/scientific-image-analysis\/wp-json\/wp\/v2\/users\/2"}],"replies":[{"embeddable":true,"href":"https:\/\/scian.cl\/scientific-image-analysis\/wp-json\/wp\/v2\/comments?post=1426"}],"version-history":[{"count":1,"href":"https:\/\/scian.cl\/scientific-image-analysis\/wp-json\/wp\/v2\/posts\/1426\/revisions"}],"predecessor-version":[{"id":2649,"href":"https:\/\/scian.cl\/scientific-image-analysis\/wp-json\/wp\/v2\/posts\/1426\/revisions\/2649"}],"wp:attachment":[{"href":"https:\/\/scian.cl\/scientific-image-analysis\/wp-json\/wp\/v2\/media?parent=1426"}],"wp:term":[{"taxonomy":"category","embeddable":true,"href":"https:\/\/scian.cl\/scientific-image-analysis\/wp-json\/wp\/v2\/categories?post=1426"},{"taxonomy":"post_tag","embeddable":true,"href":"https:\/\/scian.cl\/scientific-image-analysis\/wp-json\/wp\/v2\/tags?post=1426"}],"curies":[{"name":"wp","href":"https:\/\/api.w.org\/{rel}","templated":true}]}}